{"id":2135,"date":"2025-09-15T21:45:54","date_gmt":"2025-09-15T19:45:54","guid":{"rendered":"https:\/\/parafiacelestynow.pl\/?p=2135"},"modified":"2025-09-16T15:41:25","modified_gmt":"2025-09-16T13:41:25","slug":"propozycje-rekolekcji-dla-rodzicow-dzieci-pierwszokomunijnych-w-roku-2025-2026","status":"publish","type":"post","link":"https:\/\/parafiacelestynow.pl\/?p=2135","title":{"rendered":"Propozycje rekolekcji dla rodzic\u00f3w dzieci pierwszokomunijnych w roku 2025\/2026"},"content":{"rendered":"<p>1)      Rekolekcje Ewangelizacyjne Odnowy w Duchu \u015awi\u0119tym<br \/>\nMiejsce: Celestyn\u00f3w (ko\u015bci\u00f3\u0142 parafialny)<br \/>\nTerminy: 05.10-30.11.2025 w niedziele o godz. 19.00<\/p>\n<p>2)      <a href=\"https:\/\/spotkaniamalzenskie.pl\/terminy-rekolekcji-i-warsztatow-malzenskich\/\">https:\/\/spotkaniamalzenskie.pl\/terminy-rekolekcji-i-warsztatow-malzenskich\/<\/a><br \/>\nRekolekcje dla zwi\u0105zk\u00f3w niesakramentalnych powt\u00f3rnych po rozwodzie<br \/>\nMiejsce: Anielin k\/Otwocka<br \/>\nTermin: 28-30 listopada 2025<\/p>\n<p>3)      Buduj na skale \u2013 Kurs Filip dla ma\u0142\u017ce\u0144stw<br \/>\nMiejsce: Zalesie G\u00f3rne<br \/>\nTerminy: 24-26.10.2025 lub 27-29.03.2026<\/p>\n<p>Lub inne: <a href=\"https:\/\/swietarodzina.org\/n1\/index.php\/menu\/kursy-i-rekolekcje\/dla-malzenstw\">https:\/\/swietarodzina.org\/n1\/index.php\/menu\/kursy-i-rekolekcje\/dla-malzenstw<\/a><\/p>\n","protected":false},"excerpt":{"rendered":"<p>1) Rekolekcje Ewangelizacyjne Odnowy w Duchu \u015awi\u0119tym Miejsce: Celestyn\u00f3w (ko\u015bci\u00f3\u0142 parafialny) Terminy: 05.10-30.11.2025 w niedziele o godz. 19.00 2) https:\/\/spotkaniamalzenskie.pl\/terminy-rekolekcji-i-warsztatow-malzenskich\/ Rekolekcje dla zwi\u0105zk\u00f3w niesakramentalnych powt\u00f3rnych po rozwodzie Miejsce: Anielin k\/Otwocka Termin: 28-30 listopada 2025 3) Buduj na skale \u2013 Kurs Filip dla ma\u0142\u017ce\u0144stw Miejsce: Zalesie G\u00f3rne Terminy: 24-26.10.2025 lub 27-29.03.2026 Lub inne: https:\/\/swietarodzina.org\/n1\/index.php\/menu\/kursy-i-rekolekcje\/dla-malzenstw<\/p>\n","protected":false},"author":2,"featured_media":0,"comment_status":"closed","ping_status":"closed","sticky":false,"template":"","format":"standard","meta":{"_expiration-date-status":"","_expiration-date":0,"_expiration-date-type":"","_expiration-date-categories":[],"_expiration-date-options":[],"footnotes":""},"categories":[1],"tags":[],"class_list":["post-2135","post","type-post","status-publish","format-standard","hentry","category-bez-kategorii"],"_links":{"self":[{"href":"https:\/\/parafiacelestynow.pl\/index.php?rest_route=\/wp\/v2\/posts\/2135","targetHints":{"allow":["GET"]}}],"collection":[{"href":"https:\/\/parafiacelestynow.pl\/index.php?rest_route=\/wp\/v2\/posts"}],"about":[{"href":"https:\/\/parafiacelestynow.pl\/index.php?rest_route=\/wp\/v2\/types\/post"}],"author":[{"embeddable":true,"href":"https:\/\/parafiacelestynow.pl\/index.php?rest_route=\/wp\/v2\/users\/2"}],"replies":[{"embeddable":true,"href":"https:\/\/parafiacelestynow.pl\/index.php?rest_route=%2Fwp%2Fv2%2Fcomments&post=2135"}],"version-history":[{"count":2,"href":"https:\/\/parafiacelestynow.pl\/index.php?rest_route=\/wp\/v2\/posts\/2135\/revisions"}],"predecessor-version":[{"id":2139,"href":"https:\/\/parafiacelestynow.pl\/index.php?rest_route=\/wp\/v2\/posts\/2135\/revisions\/2139"}],"wp:attachment":[{"href":"https:\/\/parafiacelestynow.pl\/index.php?rest_route=%2Fwp%2Fv2%2Fmedia&parent=2135"}],"wp:term":[{"taxonomy":"category","embeddable":true,"href":"https:\/\/parafiacelestynow.pl\/index.php?rest_route=%2Fwp%2Fv2%2Fcategories&post=2135"},{"taxonomy":"post_tag","embeddable":true,"href":"https:\/\/parafiacelestynow.pl\/index.php?rest_route=%2Fwp%2Fv2%2Ftags&post=2135"}],"curies":[{"name":"wp","href":"https:\/\/api.w.org\/{rel}","templated":true}]}}