{"id":2472,"date":"2026-08-29T20:13:31","date_gmt":"2026-08-29T18:13:31","guid":{"rendered":"https:\/\/parafiacelestynow.pl\/?p=2472"},"modified":"2026-08-29T20:13:31","modified_gmt":"2026-08-29T18:13:31","slug":"ogloszenia-parafialne-xxii-niedziela-zwykla-30-08-2026","status":"publish","type":"post","link":"https:\/\/parafiacelestynow.pl\/?p=2472","title":{"rendered":"Og\u0142oszenia parafialne: XXII NIEDZIELA ZWYK\u0141A 30.08.2026"},"content":{"rendered":"<p>1.\tDzisiaj zapraszam na modlitw\u0119 r\u00f3\u017ca\u0144cow\u0105 o godz. 17:15, a w czwartek po Mszy \u015aw. wieczornej o godz. 18.00. Druga cz\u0119\u015b\u0107 r\u00f3\u017ca\u0144ca w czwartek o godz. 20.15.<br \/>\n2.\tZapraszam na Msz\u0119 \u015bw. wszystkich, kt\u00f3rzy pragn\u0105 rozpocz\u0105\u0107 nowy rok szkolny z Bo\u017cym b\u0142ogos\u0142awie\u0144stwem we wtorek 1 wrze\u015bnia na godzin\u0119 8:00 do ko\u015bcio\u0142a i do kaplicy w Regucie.<br \/>\n3.\tWe wtorek o godz. 17:45 zapraszam na koronk\u0119 Zwyci\u0119stwa za przyczyn\u0105 \u015bw. Micha\u0142a Archanio\u0142a.<br \/>\n4.\tW \u015brod\u0119 o godz. 19.00 spotkanie Odnowy w Duchu \u015awi\u0119tym.<br \/>\n5.\tCzwartkowa adoracja Naj\u015bwi\u0119tszego Sakramentu b\u0119dzie ofiarowana za powo\u0142anych i o nowe powo\u0142ania do pracy w Winnicy Pa\u0144skiej oraz za wsp\u00f3lnot\u0119 modlitewn\u0105 \u201eRuch Maryjny\u201d. Po I cz\u0119\u015bci r\u00f3\u017ca\u0144ca mo\u017cliwo\u015b\u0107 skorzystania z modlitwy wstawienniczej.<br \/>\n6.\tI pi\u0105tek miesi\u0105ca. Wizyta u chorych od godz. 8.30. Msze \u015bw. o godz. 6.45, 15.00 i 18.00. Pami\u0119tajmy o spowiedzi. Po Mszy \u015bw. o godz. 15.00 osobista adoracja Pana Jezusa. Ks. Piotr z powodu wizyty lekarskiej rozpocznie wizyt\u0119 u chorych od 07.45. W I pi\u0105tek miesi\u0105ca b\u0119dzie jeden ksi\u0105dz mniej w konfesjonale. Prosimy aby\u015bcie, kto mo\u017ce, skorzystali ze spowiedzi wcze\u015bniej. Dzieci i m\u0142odzie\u017c na progu nowego roku szkolnego i katechetycznego s\u0105 szczeg\u00f3lnie zaproszeni do sakramentu pokuty i pojednania.<br \/>\n7.\t I sobota miesi\u0105ca. Modlitwy rozpoczynamy o godz. 6:45 a po nich Msza \u015bw. o godz. 7:45.<br \/>\n8.\tObowi\u0105zkowa zbi\u00f3rka ministrant\u00f3w rozpoczynaj\u0105ca kolejny rok formacyjny w sobot\u0119 o godz. 09.00.<br \/>\n9.\tZapraszam rodzic\u00f3w dzieci komunijnych w najbli\u017csz\u0105 niedziel\u0119 tj. 6 wrze\u015bnia na godz. 19.00 do ko\u015bcio\u0142a. Bardzo wa\u017cne spotkanie. Ustalimy ca\u0142y rok naszej pracy.<br \/>\n10.\t Serdecznie zapraszamy poproszonych animator\u00f3w do przygotowania do sakramentu bierzmowania w niedziel\u0119 6 wrze\u015bnia na godzin\u0119 19.00 do Sali \u015bw. Siostry Faustyny.<br \/>\n11.\tPro\u015bba o zachowanie \u015bwi\u0119to\u015bci miejsca na cmentarzu i naszej drodze fatimskiej jest zawsze aktualna.<br \/>\n12.\tW\u00f3jt Gminy Celestyn\u00f3w so\u0142tys so\u0142ectwa Reguta oraz biblioteka publiczna w Celestynowie zapraszaj\u0105 na wsp\u00f3lne czytanie Narodowe w sobot\u0119 5 wrze\u015bnia o godz.16.00, kt\u00f3re odb\u0119dzie si\u0119 w szkole podstawowej w Regucie. S\u0142owa uznania i wdzi\u0119czno\u015bci sk\u0142adam mieszka\u0144com Reguta za przyj\u0119cie pielgrzym\u00f3w rowerowych z Drohiczyna.<br \/>\n13.\t Dnia 12 wrze\u015bnia organizowana jest parafialna pielgrzymka do \u015awi\u0119tej Lipki. Wyjazd o godz. 06.00, koszt 100. Op\u0142ata przy zapisie.<br \/>\n14.\t Powiatowe Centrum Pomocy Rodzinie w Otwocku zwraca si\u0119 z pro\u015bb\u0105 o odczytanie w najbli\u017csz\u0105 niedziel\u0119 niniejszego og\u0142oszenia: Mianowicie pilnie poszukiwana jest osoba lub rodzina do prowadzenia Rodzinnego Domu Dziecka. Gor\u0105co zach\u0119camy do zg\u0142oszenia si\u0119 w tej szlachetnej sprawie i podj\u0119cia tej wa\u017cnej inicjatywy.<br \/>\n15.\t Zapowiedzi: Dawid Kr\u00f3l, kawaler z Celestynowa par. tut. i Izabela Glinkiewicz, panna z Otwocka par. Zes\u0142ania Ducha \u015awi\u0119tego w Otwocku Zap.1<br \/>\n16.\tPrasa katolicka: Idziemy, Go\u015b\u0107 Niedzielny, Niedziela. Do odebrania w zakrystii jest dwumiesi\u0119cznik: Kt\u00f3\u017c jak B\u00f3g? Dodatek do Go\u015bcia Niedzielnego: Sprawa Galileusza \u2013 16 z\u0142.<\/p>\n","protected":false},"excerpt":{"rendered":"<p>1. Dzisiaj zapraszam na modlitw\u0119 r\u00f3\u017ca\u0144cow\u0105 o godz. 17:15, a w czwartek po Mszy \u015aw. wieczornej o godz. 18.00. Druga cz\u0119\u015b\u0107 r\u00f3\u017ca\u0144ca w czwartek o godz. 20.15. 2. Zapraszam na Msz\u0119 \u015bw. wszystkich, kt\u00f3rzy pragn\u0105 rozpocz\u0105\u0107 nowy rok szkolny z Bo\u017cym b\u0142ogos\u0142awie\u0144stwem we wtorek 1 wrze\u015bnia na godzin\u0119 8:00 do ko\u015bcio\u0142a i do kaplicy w [&hellip;]<\/p>\n","protected":false},"author":2,"featured_media":0,"comment_status":"closed","ping_status":"closed","sticky":false,"template":"","format":"standard","meta":{"_expiration-date-status":"","_expiration-date":0,"_expiration-date-type":"","_expiration-date-categories":[],"_expiration-date-options":[],"footnotes":""},"categories":[1],"tags":[],"class_list":["post-2472","post","type-post","status-publish","format-standard","hentry","category-bez-kategorii"],"_links":{"self":[{"href":"https:\/\/parafiacelestynow.pl\/index.php?rest_route=\/wp\/v2\/posts\/2472","targetHints":{"allow":["GET"]}}],"collection":[{"href":"https:\/\/parafiacelestynow.pl\/index.php?rest_route=\/wp\/v2\/posts"}],"about":[{"href":"https:\/\/parafiacelestynow.pl\/index.php?rest_route=\/wp\/v2\/types\/post"}],"author":[{"embeddable":true,"href":"https:\/\/parafiacelestynow.pl\/index.php?rest_route=\/wp\/v2\/users\/2"}],"replies":[{"embeddable":true,"href":"https:\/\/parafiacelestynow.pl\/index.php?rest_route=%2Fwp%2Fv2%2Fcomments&post=2472"}],"version-history":[{"count":1,"href":"https:\/\/parafiacelestynow.pl\/index.php?rest_route=\/wp\/v2\/posts\/2472\/revisions"}],"predecessor-version":[{"id":2473,"href":"https:\/\/parafiacelestynow.pl\/index.php?rest_route=\/wp\/v2\/posts\/2472\/revisions\/2473"}],"wp:attachment":[{"href":"https:\/\/parafiacelestynow.pl\/index.php?rest_route=%2Fwp%2Fv2%2Fmedia&parent=2472"}],"wp:term":[{"taxonomy":"category","embeddable":true,"href":"https:\/\/parafiacelestynow.pl\/index.php?rest_route=%2Fwp%2Fv2%2Fcategories&post=2472"},{"taxonomy":"post_tag","embeddable":true,"href":"https:\/\/parafiacelestynow.pl\/index.php?rest_route=%2Fwp%2Fv2%2Ftags&post=2472"}],"curies":[{"name":"wp","href":"https:\/\/api.w.org\/{rel}","templated":true}]}}